{"dados":[{"ementa":"DECLARA\u00c7\u00c3O DE UTILIDADE P\u00daBLICA, PARA FINS DE DESAPROPRIA\u00c7\u00c3O DE PLENO DOM\u00cdNIO E CONSTITUI\u00c7\u00c3O DE SERVID\u00c3O, TERRENOS SITUADOS NO MUNIC\u00cdPIO DE JOA\u00cdMA\/MG, PARA PROTE\u00c7\u00c3O DA CAPTA\u00c7\u00c3O, ESTA\u00c7\u00c3O DE TRATAMENTO DE \u00c1GUA, RESERVAT\u00d3RIO E REDE ADUTORA DO SISTEMA DE ABASTECIMENTO DE \u00c1GUA DA SEDE DO CITADO MUNIC\u00cdPIO.","dataAtualizacao":"2026-04-14 13:59:03","dataInicioVigencia":"2026-03-31","dataFimVigencia":null,"data":"2026-03-31","numero":11,"categoria":"Decreto","situacao":"Em vigor","descricao":""},{"ementa":"NOMEA\u00c7\u00c3O Dos  membros que constituir\u00e3o a Coordenadoria Municipal de Prote\u00e7\u00e3o e Defesa Civil \u2013 COMPDEC:","dataAtualizacao":"2026-04-20 09:36:14","dataInicioVigencia":"2026-03-26","dataFimVigencia":null,"data":"2026-03-26","numero":6,"categoria":"Portaria","situacao":"Em vigor","descricao":""},{"ementa":"Declara situa\u00e7\u00e3o de emerg\u00eancia nas \u00e1reas do Munic\u00edpio de Joa\u00edma - MG afetadas pela chuvas intensas como o c\u00f3digo 1.3.2.1.4, conforme a portaria 260, 02 de Fevereiro 2022.","dataAtualizacao":"2026-03-26 18:38:45","dataInicioVigencia":"2025-03-23","dataFimVigencia":null,"data":"2026-03-23","numero":9,"categoria":"Decreto","situacao":"Em vigor","descricao":""},{"ementa":"N\u00famero do Plano de A\u00e7\u00e3o: 30882120250002-026417\r\nEnte Recebedor:MUNICIPIO DE JOAIMA\r\nCNPJ do Ente Recebedor: 18.495.812\/0001-10","dataAtualizacao":"2026-03-11 11:54:49","dataInicioVigencia":"2025-12-29","dataFimVigencia":null,"data":"2025-12-29","numero":0,"categoria":"Plano Aplica\u00e7\u00e3o de Recursos","situacao":"Em vigor","descricao":""},{"ementa":"Declara situa\u00e7\u00e3o de emerg\u00eancia nas \u00e1reas do Munic\u00edpio de Joa\u00edma - MG afetadas pela chuvas intensas como o c\u00f3digo 1.3.2.1.4, conforme a portaria 260, 02 de Fevereiro 2022.","dataAtualizacao":"2026-04-27 08:56:21","dataInicioVigencia":"2025-12-08","dataFimVigencia":null,"data":"2025-12-08","numero":40,"categoria":"Decreto","situacao":"Em vigor","descricao":""},{"ementa":"INSTITUI O GRUPO DE TRABALHO INTERSETORIAL MUNICIPAL (GTI-M) DO PROGRAMA SA\u00daDE NA ESCOLA (PSE) NO \u00c2MBITO DO MUNIC\u00cdPIO DE JOA\u00cdMA\/MG, E D\u00c1 OUTRAS PROVID\u00caNCIAS.","dataAtualizacao":"2026-04-27 09:09:30","dataInicioVigencia":"2025-10-29","dataFimVigencia":null,"data":"2025-10-29","numero":44,"categoria":"Decreto","situacao":"Em vigor","descricao":""},{"ementa":"Joa\u00edma\/MG, 03 de setembro de 2025.\r\n\r\nABINALDO OLIVEIRA BOTELHO\r\nPREFEITO","dataAtualizacao":"2026-03-11 11:39:48","dataInicioVigencia":"2025-09-03","dataFimVigencia":null,"data":"2025-09-03","numero":2046,"categoria":"Lei Ordin\u00e1ria","situacao":"Em vigor","descricao":""},{"ementa":"DECRETO N\u00ba 048 DE 03 DE SETEMBRO DE 2025. \u201cDISP\u00d5E SOBRE A ABERTURA DE CR\u00c9DITO  ADICIONAL SUPLEMENTAR NO OR\u00c7AMENTO DE 2025 E D\u00c1 OUTRAS PROVID\u00caNCIAS\u201d","dataAtualizacao":"2026-04-27 09:19:31","dataInicioVigencia":"2025-09-03","dataFimVigencia":null,"data":"2025-09-03","numero":48,"categoria":"Decreto","situacao":"Em vigor","descricao":""},{"ementa":"NOMEA\u00c7\u00c3O DO SENHOR HUGO ALVES TEIXEIRA  PARA EXECER O CARGO DE SECRETARIO DE DEFESA CIVIL E PROTE\u00c7\u00c3O DE PESSOAS.","dataAtualizacao":"2026-04-22 18:39:34","dataInicioVigencia":"2025-08-19","dataFimVigencia":null,"data":"2025-08-19","numero":208,"categoria":"Portaria","situacao":"Em vigor","descricao":""},{"ementa":"Declara situa\u00e7\u00e3o de emerg\u00eancia nas \u00e1reas do Munic\u00edpio de Joa\u00edma\/MG afetadas pela Seca - 14.1.2.0, conforme a portaria 260, 02 de Fevereiro de 2022.","dataAtualizacao":"2026-04-27 08:55:10","dataInicioVigencia":"2025-07-22","dataFimVigencia":null,"data":"2025-07-22","numero":36,"categoria":"Decreto","situacao":"Em vigor","descricao":""},{"ementa":"Declara situa\u00e7\u00e3o de emerg\u00eancia nas \u00e1reas do Munic\u00edpio de Joa\u00edma\/MG afetadas pela Seca - 14.1.2.0, conforme a portaria 260, 02 de Fevereiro de 2022.","dataAtualizacao":"2026-04-27 08:54:35","dataInicioVigencia":"2025-07-22","dataFimVigencia":null,"data":"2025-07-22","numero":36,"categoria":"Decreto","situacao":"Em vigor","descricao":""},{"ementa":"Estabelece ponto facultativo em decorr\u00eancia do per\u00edodo comemorativo das festividades Juninas e d\u00e1 outras provid\u00eancias.","dataAtualizacao":"2026-04-27 08:53:32","dataInicioVigencia":"2025-06-16","dataFimVigencia":null,"data":"2025-06-16","numero":30,"categoria":"Decreto","situacao":"Em vigor","descricao":""},{"ementa":"Reinstitui e altera o Comit\u00ea T\u00e9cnico Municipal de Pol\u00edticas de Promo\u00e7\u00e3o da Equidade em Sa\u00fade, no munic\u00edpio de Joa\u00edma e d\u00e1 outras provid\u00eancias.","dataAtualizacao":"2026-04-27 09:08:03","dataInicioVigencia":"2025-06-09","dataFimVigencia":null,"data":"2025-06-09","numero":28,"categoria":"Decreto","situacao":"Em vigor","descricao":""},{"ementa":"Reinstitui e altera o Comit\u00ea T\u00e9cnico Municipal de Pol\u00edticas de Promo\u00e7\u00e3o da Equidade em Sa\u00fade, no munic\u00edpio de Joa\u00edma e d\u00e1 outras provid\u00eancias.","dataAtualizacao":"2026-04-27 09:08:57","dataInicioVigencia":"2025-06-09","dataFimVigencia":null,"data":"2025-06-09","numero":28,"categoria":"Decreto","situacao":"Em vigor","descricao":""},{"ementa":"Convoca a 12\u00aa Confer\u00eancia Municipal de Assist\u00eancia Social.","dataAtualizacao":"2026-04-27 09:07:19","dataInicioVigencia":"2025-05-20","dataFimVigencia":null,"data":"2025-05-20","numero":23,"categoria":"Decreto","situacao":"Em vigor","descricao":""},{"ementa":"Estabelece ponto facultativo e d\u00e1 outras provid\u00eancias.","dataAtualizacao":"2026-04-27 08:51:22","dataInicioVigencia":"2025-04-29","dataFimVigencia":null,"data":"2025-04-29","numero":19,"categoria":"Decreto","situacao":"Em vigor","descricao":""},{"ementa":"Estabelece ponto facultativo e d\u00e1 outras providencias.","dataAtualizacao":"2026-04-27 08:50:10","dataInicioVigencia":"2025-04-29","dataFimVigencia":null,"data":"2025-04-29","numero":19,"categoria":"Decreto","situacao":"Em vigor","descricao":""},{"ementa":"Estabelece ponto facultativo e d\u00e1 outras provid\u00eancias.","dataAtualizacao":"2026-04-27 08:49:36","dataInicioVigencia":"2025-04-29","dataFimVigencia":null,"data":"2025-04-29","numero":19,"categoria":"Decreto","situacao":"Em vigor","descricao":""},{"ementa":"Estabelece ponto facultativo em decorr\u00eancia do per\u00edodo comemorativo da semana santa e d\u00e1 outras providencias.","dataAtualizacao":"2026-04-27 08:52:01","dataInicioVigencia":"2025-04-14","dataFimVigencia":null,"data":"2025-04-14","numero":17,"categoria":"Decreto","situacao":"Em vigor","descricao":""},{"ementa":"Estabelece ponto facultativo em decorr\u00eancia do per\u00edodo comemorativo da semana santa e d\u00e1 outras providencias.","dataAtualizacao":"2026-04-27 08:49:06","dataInicioVigencia":"2025-04-14","dataFimVigencia":null,"data":"2025-04-14","numero":17,"categoria":"Decreto","situacao":"Em vigor","descricao":""},{"ementa":"INSTITUI O PROGRAMA PAPEL ZERO - JOA\u00cdMA 100% DIGITAL E D\u00c1 OUTRAS PROVID\u00caNCIAS.","dataAtualizacao":"2026-04-27 08:47:20","dataInicioVigencia":"2025-02-28","dataFimVigencia":null,"data":"2025-02-28","numero":6,"categoria":"Decreto","situacao":"Em vigor","descricao":""},{"ementa":"Regulamenta o procedimento auxiliar de pr\u00e9-qualifica\u00e7\u00e3o, nos termos da Lei Federal n\u00ba 14.133, de 1\u00ba de abril de 2021, no \u00e2mbito da Administra\u00e7\u00e3o P\u00fablica direta, aut\u00e1rquica e fundacional do Poder Executivo de Joa\u00edma, Estado de Minas Gerais.","dataAtualizacao":"2026-04-27 08:46:15","dataInicioVigencia":"2025-02-28","dataFimVigencia":null,"data":"2025-02-28","numero":5,"categoria":"Decreto","situacao":"Em vigor","descricao":""},{"ementa":"DISP\u00d5E SOBRE A ABERTURA DE CR\u00c9DITO ADICIONAL SUPLEMENTAR NO OR\u00c7AMENTO DE 2025 E D\u00c1 OUTRAS PROVID\u00caNCIAS","dataAtualizacao":"2026-04-27 09:15:42","dataInicioVigencia":"2025-01-02","dataFimVigencia":null,"data":"2025-01-02","numero":4,"categoria":"Decreto","situacao":"Em vigor","descricao":""},{"ementa":"REGULAMENTA O TRATAMENTO FAVORECIDO, DIFERENCIADO, SIMPLIFICADO E REGIONALIZADO PARA AS MICROEMPRESAS DE PEQUENO PORTE NOS PROCESSOS DE LICITA\u00c7\u00d5ES P\u00daBLICAS NO \u00c2MBITO DO MUNIC\u00cdPIO DE JOA\u00cdMA\/MG, E D\u00c1 OUTRAS PROVID\u00caNCIAS.","dataAtualizacao":"2026-04-27 08:53:01","dataInicioVigencia":"2025-01-01","dataFimVigencia":null,"data":"2025-01-01","numero":25,"categoria":"Decreto","situacao":"Em vigor","descricao":""},{"ementa":"Regulamenta o tratamento diferenciado em processos licitat\u00f3rios estabelecidos pela Lei Complementar Federal n\u00ba 123\/2006 e d\u00e1 outras provid\u00eancias","dataAtualizacao":"2026-04-27 08:48:23","dataInicioVigencia":"2025-01-01","dataFimVigencia":null,"data":"2025-01-01","numero":7,"categoria":"Decreto","situacao":"Em vigor","descricao":""},{"ementa":"DECRETO N\u00ba 001 DE 01 DE JANEIRO DE 2025. \u201cDISP\u00d5E SOBRE O USO DE ASSINATURAS ELETR\u00d4NICAS NA ADMINISTRA\u00c7\u00c3O P\u00daBLICA MUNICIPAL DE JOA\u00cdMA, ESTADO DE MINAS GERAIS, CONFORME ART. 5\u00ba DA LEI                   \r\nN\u00ba 14.063, DE 23 DE SETEMBRO DE 2020 E D\u00c1 OUTRAS PROVID\u00caNCIAS\u201d.","dataAtualizacao":"2026-04-27 08:42:51","dataInicioVigencia":"2025-01-01","dataFimVigencia":null,"data":"2025-01-01","numero":1,"categoria":"Decreto","situacao":"Em vigor","descricao":""}]}